{"id":2401,"date":"2026-09-03T12:34:17","date_gmt":"2026-09-03T11:34:17","guid":{"rendered":"https:\/\/wolfjansen.com\/hartings-rise-move-mirrors-what-mid-market-industrial-companies-across-dach-are-now-staffing-for\/"},"modified":"2026-09-03T12:34:17","modified_gmt":"2026-09-03T11:34:17","slug":"der-schritt-von-hartings-spiegelt-wider-wonach-mittelstandische-industrieunternehmen-im-gesamten-dach-raum-derzeit-personal-einstellen","status":"publish","type":"post","link":"https:\/\/wolfjansen.com\/de\/der-schritt-von-hartings-spiegelt-wider-wonach-mittelstandische-industrieunternehmen-im-gesamten-dach-raum-derzeit-personal-einstellen\/","title":{"rendered":"HARTINGs \u201eRISE\u201c-Initiative spiegelt wider, welche Mitarbeiterprofile mittelst\u00e4ndische Industrieunternehmen im DACH-Raum derzeit suchen"},"content":{"rendered":"<p>HARTING, der in Espelkamp ans\u00e4ssige Spezialist f\u00fcr industrielle Konnektivit\u00e4t, hat im Rahmen einer umfassenden Cloud-Transformation den Umstieg auf \u201eRISE with SAP\u201c angek\u00fcndigt. F\u00fcr uns ist dabei besonders interessant, welche R\u00fcckschl\u00fcsse sich daraus auf die Personalbesetzung solcher Projekte bei deutschen mittelst\u00e4ndischen Herstellern ziehen lassen.<\/p>\n<p>Industrieunternehmen von der Gr\u00f6\u00dfe von HARTING \u2013 mit rund 6.000 Mitarbeitern auf mehreren Kontinenten \u2013 verf\u00fcgen in der Regel \u00fcber schlanke SAP-Teams. Eine RISE-Migration ver\u00e4ndert diese Situation. Das interne Team, das ein Jahrzehnt lang eine On-Premise-Landschaft verwaltet hat, ben\u00f6tigt pl\u00f6tzlich Kenntnisse in Cloud-Architektur, Integrations-Know-how f\u00fcr die Anbindung von Fertigungssystemen an S\/4HANA sowie jemanden, der als Vermittler zwischen der IT- und der Betriebsleitung fungieren kann. Solche Profile sind in der Regel nicht in der bestehenden Belegschaft zu finden.<\/p>\n<p>Eine Suche, die wir Anfang dieses Jahres f\u00fcr einen \u00e4hnlichen Hersteller \u2013 ein familiengef\u00fchrtes Zulieferunternehmen in der N\u00e4he von Stuttgart \u2013 durchgef\u00fchrt haben, dauerte acht Wochen l\u00e4nger als geplant, da der Kunde im Laufe des Prozesses immer wieder neue Anforderungen hinzuf\u00fcgte. Der Kunde war auf der Suche nach einem technischen Projektmanager. Als die Stelle schlie\u00dflich besetzt wurde, umfasste das Anforderungsprofil Erfahrung in der Datenmigration, spezifische BTP-Kenntnisse sowie ausreichendes Verst\u00e4ndnis der Fertigungsprozesse, um die von SAP bereitgestellten Berater auf die Probe zu stellen.<\/p>\n<p>Die Kandidatin, die diese Stelle bekam, kam aus einem gr\u00f6\u00dferen Unternehmen, in dem sie bereits eine RISE-Implementierung miterlebt hatte. Sie wusste, welche Versprechen der Anbieters halten und welche eine interne Unterst\u00fctzung erfordern. Genau diese Kombination aus Skepsis und praktischer Cloud-Erfahrung ist es, was Kunden in dieser Branche suchen, wenn sie solche Stellen ausschreiben.<\/p>\n<p>F\u00fcr Fachkr\u00e4fte, die derzeit in SAP-Positionen vor Ort bei mittelst\u00e4ndischen Fertigungsunternehmen t\u00e4tig sind, bedeutet der Erwerb von Cloud-Kenntnissen, dass Sie sich f\u00fcr diese Stellenangebote qualifizieren. Unternehmen, die auf RISE umsteigen, suchen Mitarbeiter, die die Migration aus erster Hand miterlebt haben, die den Umstieg tats\u00e4chlich durchgef\u00fchrt und sich mit den \u00dcberraschungen auseinandergesetzt haben, die in der Dokumentation nie behandelt werden.<\/p>\n<p><em>Angeregt durch Berichte von <a href=\"https:\/\/news.sap.com\/2026\/09\/harting-accelerates-cloud-transformation-with-rise-with-sap\/\" target=\"_blank\" rel=\"noopener\">SAP-Nachrichtenzentrum<\/a>.<\/em><\/p>","protected":false},"excerpt":{"rendered":"<p>Wenn sich ein deutscher Hersteller von Konnektivit\u00e4tsl\u00f6sungen f\u00fcr \u201eRISE with SAP\u201c entscheidet, hat dies Auswirkungen auf die Personalpolitik im gesamten technischen Team. Wir haben beobachtet, wie sich dieses Muster im vergangenen Jahr bei Industrieunternehmen in der DACH-Region wiederholt hat.<\/p>","protected":false},"author":4,"featured_media":0,"comment_status":"open","ping_status":"open","sticky":false,"template":"","format":"standard","meta":{"footnotes":""},"categories":[26,29],"tags":[],"class_list":["post-2401","post","type-post","status-publish","format-standard","hentry","category-latest-news","category-sap"],"yoast_head":"<!-- This site is optimized with the Yoast SEO plugin v27.7 - https:\/\/yoast.com\/product\/yoast-seo-wordpress\/ -->\n<title>HARTING&#039;s RISE move mirrors what mid-market industrial companies across DACH are now staffing for - Wolf Jansen<\/title>\n<meta name=\"robots\" content=\"index, follow, max-snippet:-1, max-image-preview:large, max-video-preview:-1\" \/>\n<link rel=\"canonical\" href=\"https:\/\/wolfjansen.com\/de\/der-schritt-von-hartings-spiegelt-wider-wonach-mittelstandische-industrieunternehmen-im-gesamten-dach-raum-derzeit-personal-einstellen\/\" \/>\n<meta property=\"og:locale\" content=\"de_DE\" \/>\n<meta property=\"og:type\" content=\"article\" \/>\n<meta property=\"og:title\" content=\"HARTING&#039;s RISE move mirrors what mid-market industrial companies across DACH are now staffing for - Wolf Jansen\" \/>\n<meta property=\"og:description\" content=\"When a German connectivity manufacturer commits to RISE with SAP, the hiring implications ripple through their entire technical team. We have watched this pattern repeat across DACH industrial companies over the past year.\" \/>\n<meta property=\"og:url\" content=\"https:\/\/wolfjansen.com\/de\/der-schritt-von-hartings-spiegelt-wider-wonach-mittelstandische-industrieunternehmen-im-gesamten-dach-raum-derzeit-personal-einstellen\/\" \/>\n<meta property=\"og:site_name\" content=\"Wolf Jansen\" \/>\n<meta property=\"article:publisher\" content=\"https:\/\/www.facebook.com\/wolfjansen1\/\" \/>\n<meta property=\"article:published_time\" content=\"2026-09-03T11:34:17+00:00\" \/>\n<meta name=\"author\" content=\"danswills@gmail.com\" \/>\n<meta name=\"twitter:card\" content=\"summary_large_image\" \/>\n<meta name=\"twitter:creator\" content=\"@wolfjansen1\" \/>\n<meta name=\"twitter:site\" content=\"@wolfjansen1\" \/>\n<meta name=\"twitter:label1\" content=\"Verfasst von\" \/>\n\t<meta name=\"twitter:data1\" content=\"danswills@gmail.com\" \/>\n\t<meta name=\"twitter:label2\" content=\"Gesch\u00e4tzte Lesezeit\" \/>\n\t<meta name=\"twitter:data2\" content=\"1\u00a0Minute\" \/>\n<!-- \/ Yoast SEO plugin. -->","yoast_head_json":{"title":"HARTINGs \u201eRISE\u201c-Initiative spiegelt wider, wonach mittelst\u00e4ndische Industrieunternehmen im DACH-Raum derzeit Personal suchen \u2013 Wolf Jansen","robots":{"index":"index","follow":"follow","max-snippet":"max-snippet:-1","max-image-preview":"max-image-preview:large","max-video-preview":"max-video-preview:-1"},"canonical":"https:\/\/wolfjansen.com\/de\/der-schritt-von-hartings-spiegelt-wider-wonach-mittelstandische-industrieunternehmen-im-gesamten-dach-raum-derzeit-personal-einstellen\/","og_locale":"de_DE","og_type":"article","og_title":"HARTING's RISE move mirrors what mid-market industrial companies across DACH are now staffing for - Wolf Jansen","og_description":"When a German connectivity manufacturer commits to RISE with SAP, the hiring implications ripple through their entire technical team. We have watched this pattern repeat across DACH industrial companies over the past year.","og_url":"https:\/\/wolfjansen.com\/de\/der-schritt-von-hartings-spiegelt-wider-wonach-mittelstandische-industrieunternehmen-im-gesamten-dach-raum-derzeit-personal-einstellen\/","og_site_name":"Wolf Jansen","article_publisher":"https:\/\/www.facebook.com\/wolfjansen1\/","article_published_time":"2026-09-03T11:34:17+00:00","author":"danswills@gmail.com","twitter_card":"summary_large_image","twitter_creator":"@wolfjansen1","twitter_site":"@wolfjansen1","twitter_misc":{"Verfasst von":"danswills@gmail.com","Gesch\u00e4tzte Lesezeit":"1\u00a0Minute"},"schema":{"@context":"https:\/\/schema.org","@graph":[{"@type":"Article","@id":"https:\/\/wolfjansen.com\/hartings-rise-move-mirrors-what-mid-market-industrial-companies-across-dach-are-now-staffing-for\/#article","isPartOf":{"@id":"https:\/\/wolfjansen.com\/hartings-rise-move-mirrors-what-mid-market-industrial-companies-across-dach-are-now-staffing-for\/"},"author":{"name":"danswills@gmail.com","@id":"https:\/\/wolfjansen.com\/#\/schema\/person\/cd8c16cfb9a88ee4a5918564a8a1244f"},"headline":"HARTING&#8217;s RISE move mirrors what mid-market industrial companies across DACH are now staffing for","datePublished":"2026-09-03T11:34:17+00:00","mainEntityOfPage":{"@id":"https:\/\/wolfjansen.com\/hartings-rise-move-mirrors-what-mid-market-industrial-companies-across-dach-are-now-staffing-for\/"},"wordCount":294,"commentCount":0,"publisher":{"@id":"https:\/\/wolfjansen.com\/#organization"},"articleSection":["Latest News","Sap"],"inLanguage":"de","potentialAction":[{"@type":"CommentAction","name":"Comment","target":["https:\/\/wolfjansen.com\/hartings-rise-move-mirrors-what-mid-market-industrial-companies-across-dach-are-now-staffing-for\/#respond"]}]},{"@type":"WebPage","@id":"https:\/\/wolfjansen.com\/hartings-rise-move-mirrors-what-mid-market-industrial-companies-across-dach-are-now-staffing-for\/","url":"https:\/\/wolfjansen.com\/hartings-rise-move-mirrors-what-mid-market-industrial-companies-across-dach-are-now-staffing-for\/","name":"HARTINGs \u201eRISE\u201c-Initiative spiegelt wider, wonach mittelst\u00e4ndische Industrieunternehmen im DACH-Raum derzeit Personal suchen \u2013 Wolf Jansen","isPartOf":{"@id":"https:\/\/wolfjansen.com\/#website"},"datePublished":"2026-09-03T11:34:17+00:00","breadcrumb":{"@id":"https:\/\/wolfjansen.com\/hartings-rise-move-mirrors-what-mid-market-industrial-companies-across-dach-are-now-staffing-for\/#breadcrumb"},"inLanguage":"de","potentialAction":[{"@type":"ReadAction","target":["https:\/\/wolfjansen.com\/hartings-rise-move-mirrors-what-mid-market-industrial-companies-across-dach-are-now-staffing-for\/"]}]},{"@type":"BreadcrumbList","@id":"https:\/\/wolfjansen.com\/hartings-rise-move-mirrors-what-mid-market-industrial-companies-across-dach-are-now-staffing-for\/#breadcrumb","itemListElement":[{"@type":"ListItem","position":1,"name":"Home","item":"https:\/\/wolfjansen.com\/"},{"@type":"ListItem","position":2,"name":"HARTING&#8217;s RISE move mirrors what mid-market industrial companies across DACH are now staffing for"}]},{"@type":"WebSite","@id":"https:\/\/wolfjansen.com\/#website","url":"https:\/\/wolfjansen.com\/","name":"Wolf Jansen","description":"Experten f\u00fcr SAP, Daten &amp; KI und Finanzen","publisher":{"@id":"https:\/\/wolfjansen.com\/#organization"},"potentialAction":[{"@type":"SearchAction","target":{"@type":"EntryPoint","urlTemplate":"https:\/\/wolfjansen.com\/?s={search_term_string}"},"query-input":{"@type":"PropertyValueSpecification","valueRequired":true,"valueName":"search_term_string"}}],"inLanguage":"de"},{"@type":"Organization","@id":"https:\/\/wolfjansen.com\/#organization","name":"Wolf Jansen","alternateName":"WJ","url":"https:\/\/wolfjansen.com\/","logo":{"@type":"ImageObject","inLanguage":"de","@id":"https:\/\/wolfjansen.com\/#\/schema\/logo\/image\/","url":"https:\/\/wolfjansen.com\/wp-content\/uploads\/2026\/01\/Asset-2.svg","contentUrl":"https:\/\/wolfjansen.com\/wp-content\/uploads\/2026\/01\/Asset-2.svg","width":682,"height":466,"caption":"Wolf Jansen"},"image":{"@id":"https:\/\/wolfjansen.com\/#\/schema\/logo\/image\/"},"sameAs":["https:\/\/www.facebook.com\/wolfjansen1\/","https:\/\/x.com\/wolfjansen1","https:\/\/www.linkedin.com\/company\/wolfjansen\/","https:\/\/www.xing.com\/pages\/wolfjansen","https:\/\/www.instagram.com\/wolfjansenrecruitment\/"]},{"@type":"Person","@id":"https:\/\/wolfjansen.com\/#\/schema\/person\/cd8c16cfb9a88ee4a5918564a8a1244f","name":"danswills@gmail.com","image":{"@type":"ImageObject","inLanguage":"de","@id":"https:\/\/secure.gravatar.com\/avatar\/4379776399c38f1a48e8aaad48498e5fc2f145adb53c17e72efb64e14aa118d9?s=96&d=mm&r=g","url":"https:\/\/secure.gravatar.com\/avatar\/4379776399c38f1a48e8aaad48498e5fc2f145adb53c17e72efb64e14aa118d9?s=96&d=mm&r=g","contentUrl":"https:\/\/secure.gravatar.com\/avatar\/4379776399c38f1a48e8aaad48498e5fc2f145adb53c17e72efb64e14aa118d9?s=96&d=mm&r=g","caption":"danswills@gmail.com"},"url":"https:\/\/wolfjansen.com\/de\/author\/danswillsgmail-com\/"}]}},"_links":{"self":[{"href":"https:\/\/wolfjansen.com\/de\/wp-json\/wp\/v2\/posts\/2401","targetHints":{"allow":["GET"]}}],"collection":[{"href":"https:\/\/wolfjansen.com\/de\/wp-json\/wp\/v2\/posts"}],"about":[{"href":"https:\/\/wolfjansen.com\/de\/wp-json\/wp\/v2\/types\/post"}],"author":[{"embeddable":true,"href":"https:\/\/wolfjansen.com\/de\/wp-json\/wp\/v2\/users\/4"}],"replies":[{"embeddable":true,"href":"https:\/\/wolfjansen.com\/de\/wp-json\/wp\/v2\/comments?post=2401"}],"version-history":[{"count":0,"href":"https:\/\/wolfjansen.com\/de\/wp-json\/wp\/v2\/posts\/2401\/revisions"}],"wp:attachment":[{"href":"https:\/\/wolfjansen.com\/de\/wp-json\/wp\/v2\/media?parent=2401"}],"wp:term":[{"taxonomy":"category","embeddable":true,"href":"https:\/\/wolfjansen.com\/de\/wp-json\/wp\/v2\/categories?post=2401"},{"taxonomy":"post_tag","embeddable":true,"href":"https:\/\/wolfjansen.com\/de\/wp-json\/wp\/v2\/tags?post=2401"}],"curies":[{"name":"wp","href":"https:\/\/api.w.org\/{rel}","templated":true}]}}