{"id":1940,"date":"2026-06-02T13:24:32","date_gmt":"2026-06-02T12:24:32","guid":{"rendered":"https:\/\/wolfjansen.com\/the-data-centre-talent-crunch-is-real-and-ai-wont-fix-the-hiring-problem\/"},"modified":"2026-06-02T13:24:32","modified_gmt":"2026-06-02T12:24:32","slug":"der-fachkraftemangel-in-rechenzentren-ist-real-und-ki-wird-das-problem-bei-der-personalbeschaffung-nicht-losen","status":"publish","type":"post","link":"https:\/\/wolfjansen.com\/de\/der-fachkraftemangel-in-rechenzentren-ist-real-und-ki-wird-das-problem-bei-der-personalbeschaffung-nicht-losen\/","title":{"rendered":"Der Fachkr\u00e4ftemangel in Rechenzentren ist real, und KI wird das Einstellungsproblem nicht l\u00f6sen"},"content":{"rendered":"<p>Die Rechenzentren in ganz Europa expandieren mit hohem Tempo. Die Nachfrage nach Rechenleistung, angetrieben durch KI-Workloads und Cloud-Migration, zeigt keine Anzeichen einer Verlangsamung. Es gibt jedoch ein grundlegendes Problem, das weniger beachtet wird: Die Menschen, die diese Einrichtungen installieren, in Betrieb nehmen und warten, sind einfach nicht in ausreichender Zahl vorhanden.<\/p>\n<p>Wir beobachten schon seit einiger Zeit, dass sich diese L\u00fccke vergr\u00f6\u00dfert. In unserem Bereich Daten und Digitales erhalten wir mehr Auftr\u00e4ge f\u00fcr Infrastrukturspezialisten, Ingenieure f\u00fcr Standortzuverl\u00e4ssigkeit und Betriebsleiter als je zuvor in den letzten f\u00fcnf Jahren. Der Talentpool ist nicht entsprechend gewachsen. Die Kunden konkurrieren um dieselben erfahrenen Fachleute, und das Ergebnis sind l\u00e4ngere Suchzeiten und h\u00f6here Gehaltserwartungen.<\/p>\n<p>Das Argument, dass die k\u00fcnstliche Intelligenz diese Personall\u00fccke irgendwie schlie\u00dfen wird, verdient eine genaue Pr\u00fcfung. Ja, die Automatisierung kann den Personalbedarf f\u00fcr bestimmte \u00dcberwachungs- und Diagnoseaufgaben verringern. Vorausschauende Wartungstools k\u00f6nnen die Effizienz bestehender Teams erh\u00f6hen. Aber es muss immer noch jemand diese Systeme einsetzen, ihre Ergebnisse interpretieren und sich um die physische Realit\u00e4t von Strom, K\u00fchlung und Hardware k\u00fcmmern. KI unterst\u00fctzt, aber sie ersetzt nicht.<\/p>\n<p>F\u00fcr Personalverantwortliche in der DACH-Region ist die praktische Konsequenz klar. Darauf zu warten, dass sich der Talentmarkt von selbst korrigiert, ist keine Strategie. Die Unternehmen, die sich jetzt die besten Fachkr\u00e4fte f\u00fcr Infrastrukturen sichern, sind diejenigen, die fr\u00fchzeitig aktiv werden, passive Kandidaten ansprechen und \u00fcberzeugende Angebote machen, noch bevor die Konkurrenz mit der Suche beginnt. Wir beobachten auch eine Verlagerung hin zur Entwicklung interner Talente, wobei Unternehmen in Weiterbildungsprogramme investieren, um benachbarte F\u00e4higkeiten in Infrastrukturfachwissen umzuwandeln.<\/p>\n<p>Der Ausbau wird weitergehen. Der Personalmangel ist strukturell bedingt. Unternehmen, die dies als kurzfristige Herausforderung bei der Personalbeschaffung und nicht als langfristige strategische Priorit\u00e4t betrachten, werden auf Dauer ins Hintertreffen geraten.<\/p>\n<p><em>Angeregt durch Berichte von <a href=\"https:\/\/www.hpcwire.com\/bigdatawire\/2026\/06\/01\/data-centers-are-scaling-fast-the-workforce-isnt-ai-has-to-close-the-gap\/\" target=\"_blank\" rel=\"noopener\">Datanami<\/a>.<\/em><\/p>","protected":false},"excerpt":{"rendered":"<p>Die Infrastruktur w\u00e4chst schneller als die Menschen, die sie aufbauen und betreiben. Wir sehen dieses Spannungsfeld bei unseren Daten- und Digitalmandaten in der DACH-Region, und die Auswirkungen auf die Einstellungsstrategien sind erheblich.<\/p>","protected":false},"author":4,"featured_media":0,"comment_status":"open","ping_status":"open","sticky":false,"template":"","format":"standard","meta":{"footnotes":""},"categories":[30,26],"tags":[],"class_list":["post-1940","post","type-post","status-publish","format-standard","hentry","category-data-digital","category-latest-news"],"yoast_head":"<!-- This site is optimized with the Yoast SEO plugin v27.7 - https:\/\/yoast.com\/product\/yoast-seo-wordpress\/ -->\n<title>The data centre talent crunch is real, and AI won&#039;t fix the hiring problem - Wolf Jansen<\/title>\n<meta name=\"robots\" content=\"index, follow, max-snippet:-1, max-image-preview:large, max-video-preview:-1\" \/>\n<link rel=\"canonical\" href=\"https:\/\/wolfjansen.com\/de\/der-fachkraftemangel-in-rechenzentren-ist-real-und-ki-wird-das-problem-bei-der-personalbeschaffung-nicht-losen\/\" \/>\n<meta property=\"og:locale\" content=\"de_DE\" \/>\n<meta property=\"og:type\" content=\"article\" \/>\n<meta property=\"og:title\" content=\"The data centre talent crunch is real, and AI won&#039;t fix the hiring problem - Wolf Jansen\" \/>\n<meta property=\"og:description\" content=\"Infrastructure is scaling faster than the people who build and run it. We&#039;re seeing this tension across our Data &amp; Digital mandates in the DACH region, and the implications for hiring strategies are significant.\" \/>\n<meta property=\"og:url\" content=\"https:\/\/wolfjansen.com\/de\/der-fachkraftemangel-in-rechenzentren-ist-real-und-ki-wird-das-problem-bei-der-personalbeschaffung-nicht-losen\/\" \/>\n<meta property=\"og:site_name\" content=\"Wolf Jansen\" \/>\n<meta property=\"article:publisher\" content=\"https:\/\/www.facebook.com\/wolfjansen1\/\" \/>\n<meta property=\"article:published_time\" content=\"2026-06-02T12:24:32+00:00\" \/>\n<meta name=\"author\" content=\"danswills@gmail.com\" \/>\n<meta name=\"twitter:card\" content=\"summary_large_image\" \/>\n<meta name=\"twitter:creator\" content=\"@wolfjansen1\" \/>\n<meta name=\"twitter:site\" content=\"@wolfjansen1\" \/>\n<meta name=\"twitter:label1\" content=\"Verfasst von\" \/>\n\t<meta name=\"twitter:data1\" content=\"danswills@gmail.com\" \/>\n\t<meta name=\"twitter:label2\" content=\"Gesch\u00e4tzte Lesezeit\" \/>\n\t<meta name=\"twitter:data2\" content=\"1\u00a0Minute\" \/>\n<!-- \/ Yoast SEO plugin. -->","yoast_head_json":{"title":"Der Fachkr\u00e4ftemangel in Rechenzentren ist real, und KI wird das Problem bei der Personalbeschaffung nicht l\u00f6sen \u2013 Wolf Jansen","robots":{"index":"index","follow":"follow","max-snippet":"max-snippet:-1","max-image-preview":"max-image-preview:large","max-video-preview":"max-video-preview:-1"},"canonical":"https:\/\/wolfjansen.com\/de\/der-fachkraftemangel-in-rechenzentren-ist-real-und-ki-wird-das-problem-bei-der-personalbeschaffung-nicht-losen\/","og_locale":"de_DE","og_type":"article","og_title":"The data centre talent crunch is real, and AI won't fix the hiring problem - Wolf Jansen","og_description":"Infrastructure is scaling faster than the people who build and run it. We're seeing this tension across our Data & Digital mandates in the DACH region, and the implications for hiring strategies are significant.","og_url":"https:\/\/wolfjansen.com\/de\/der-fachkraftemangel-in-rechenzentren-ist-real-und-ki-wird-das-problem-bei-der-personalbeschaffung-nicht-losen\/","og_site_name":"Wolf Jansen","article_publisher":"https:\/\/www.facebook.com\/wolfjansen1\/","article_published_time":"2026-06-02T12:24:32+00:00","author":"danswills@gmail.com","twitter_card":"summary_large_image","twitter_creator":"@wolfjansen1","twitter_site":"@wolfjansen1","twitter_misc":{"Verfasst von":"danswills@gmail.com","Gesch\u00e4tzte Lesezeit":"1\u00a0Minute"},"schema":{"@context":"https:\/\/schema.org","@graph":[{"@type":"Article","@id":"https:\/\/wolfjansen.com\/the-data-centre-talent-crunch-is-real-and-ai-wont-fix-the-hiring-problem\/#article","isPartOf":{"@id":"https:\/\/wolfjansen.com\/the-data-centre-talent-crunch-is-real-and-ai-wont-fix-the-hiring-problem\/"},"author":{"name":"danswills@gmail.com","@id":"https:\/\/wolfjansen.com\/#\/schema\/person\/cd8c16cfb9a88ee4a5918564a8a1244f"},"headline":"The data centre talent crunch is real, and AI won&#8217;t fix the hiring problem","datePublished":"2026-06-02T12:24:32+00:00","mainEntityOfPage":{"@id":"https:\/\/wolfjansen.com\/the-data-centre-talent-crunch-is-real-and-ai-wont-fix-the-hiring-problem\/"},"wordCount":298,"commentCount":0,"publisher":{"@id":"https:\/\/wolfjansen.com\/#organization"},"articleSection":["Data &amp; Digital","Latest News"],"inLanguage":"de","potentialAction":[{"@type":"CommentAction","name":"Comment","target":["https:\/\/wolfjansen.com\/the-data-centre-talent-crunch-is-real-and-ai-wont-fix-the-hiring-problem\/#respond"]}]},{"@type":"WebPage","@id":"https:\/\/wolfjansen.com\/the-data-centre-talent-crunch-is-real-and-ai-wont-fix-the-hiring-problem\/","url":"https:\/\/wolfjansen.com\/the-data-centre-talent-crunch-is-real-and-ai-wont-fix-the-hiring-problem\/","name":"Der Fachkr\u00e4ftemangel in Rechenzentren ist real, und KI wird das Problem bei der Personalbeschaffung nicht l\u00f6sen \u2013 Wolf Jansen","isPartOf":{"@id":"https:\/\/wolfjansen.com\/#website"},"datePublished":"2026-06-02T12:24:32+00:00","breadcrumb":{"@id":"https:\/\/wolfjansen.com\/the-data-centre-talent-crunch-is-real-and-ai-wont-fix-the-hiring-problem\/#breadcrumb"},"inLanguage":"de","potentialAction":[{"@type":"ReadAction","target":["https:\/\/wolfjansen.com\/the-data-centre-talent-crunch-is-real-and-ai-wont-fix-the-hiring-problem\/"]}]},{"@type":"BreadcrumbList","@id":"https:\/\/wolfjansen.com\/the-data-centre-talent-crunch-is-real-and-ai-wont-fix-the-hiring-problem\/#breadcrumb","itemListElement":[{"@type":"ListItem","position":1,"name":"Home","item":"https:\/\/wolfjansen.com\/"},{"@type":"ListItem","position":2,"name":"The data centre talent crunch is real, and AI won&#8217;t fix the hiring problem"}]},{"@type":"WebSite","@id":"https:\/\/wolfjansen.com\/#website","url":"https:\/\/wolfjansen.com\/","name":"Wolf Jansen","description":"Experten f\u00fcr SAP, Daten &amp; KI und Finanzen","publisher":{"@id":"https:\/\/wolfjansen.com\/#organization"},"potentialAction":[{"@type":"SearchAction","target":{"@type":"EntryPoint","urlTemplate":"https:\/\/wolfjansen.com\/?s={search_term_string}"},"query-input":{"@type":"PropertyValueSpecification","valueRequired":true,"valueName":"search_term_string"}}],"inLanguage":"de"},{"@type":"Organization","@id":"https:\/\/wolfjansen.com\/#organization","name":"Wolf Jansen","alternateName":"WJ","url":"https:\/\/wolfjansen.com\/","logo":{"@type":"ImageObject","inLanguage":"de","@id":"https:\/\/wolfjansen.com\/#\/schema\/logo\/image\/","url":"https:\/\/wolfjansen.com\/wp-content\/uploads\/2026\/01\/Asset-2.svg","contentUrl":"https:\/\/wolfjansen.com\/wp-content\/uploads\/2026\/01\/Asset-2.svg","width":682,"height":466,"caption":"Wolf Jansen"},"image":{"@id":"https:\/\/wolfjansen.com\/#\/schema\/logo\/image\/"},"sameAs":["https:\/\/www.facebook.com\/wolfjansen1\/","https:\/\/x.com\/wolfjansen1","https:\/\/www.linkedin.com\/company\/wolfjansen\/","https:\/\/www.xing.com\/pages\/wolfjansen","https:\/\/www.instagram.com\/wolfjansenrecruitment\/"]},{"@type":"Person","@id":"https:\/\/wolfjansen.com\/#\/schema\/person\/cd8c16cfb9a88ee4a5918564a8a1244f","name":"danswills@gmail.com","image":{"@type":"ImageObject","inLanguage":"de","@id":"https:\/\/secure.gravatar.com\/avatar\/4379776399c38f1a48e8aaad48498e5fc2f145adb53c17e72efb64e14aa118d9?s=96&d=mm&r=g","url":"https:\/\/secure.gravatar.com\/avatar\/4379776399c38f1a48e8aaad48498e5fc2f145adb53c17e72efb64e14aa118d9?s=96&d=mm&r=g","contentUrl":"https:\/\/secure.gravatar.com\/avatar\/4379776399c38f1a48e8aaad48498e5fc2f145adb53c17e72efb64e14aa118d9?s=96&d=mm&r=g","caption":"danswills@gmail.com"},"url":"https:\/\/wolfjansen.com\/de\/author\/danswillsgmail-com\/"}]}},"_links":{"self":[{"href":"https:\/\/wolfjansen.com\/de\/wp-json\/wp\/v2\/posts\/1940","targetHints":{"allow":["GET"]}}],"collection":[{"href":"https:\/\/wolfjansen.com\/de\/wp-json\/wp\/v2\/posts"}],"about":[{"href":"https:\/\/wolfjansen.com\/de\/wp-json\/wp\/v2\/types\/post"}],"author":[{"embeddable":true,"href":"https:\/\/wolfjansen.com\/de\/wp-json\/wp\/v2\/users\/4"}],"replies":[{"embeddable":true,"href":"https:\/\/wolfjansen.com\/de\/wp-json\/wp\/v2\/comments?post=1940"}],"version-history":[{"count":0,"href":"https:\/\/wolfjansen.com\/de\/wp-json\/wp\/v2\/posts\/1940\/revisions"}],"wp:attachment":[{"href":"https:\/\/wolfjansen.com\/de\/wp-json\/wp\/v2\/media?parent=1940"}],"wp:term":[{"taxonomy":"category","embeddable":true,"href":"https:\/\/wolfjansen.com\/de\/wp-json\/wp\/v2\/categories?post=1940"},{"taxonomy":"post_tag","embeddable":true,"href":"https:\/\/wolfjansen.com\/de\/wp-json\/wp\/v2\/tags?post=1940"}],"curies":[{"name":"wp","href":"https:\/\/api.w.org\/{rel}","templated":true}]}}